{"id":852,"date":"2018-12-03T20:22:33","date_gmt":"2018-12-03T20:22:33","guid":{"rendered":"https:\/\/erasmusamsterdam.com\/royal-family-of-netherlands\/"},"modified":"2023-06-20T16:46:41","modified_gmt":"2023-06-20T16:46:41","slug":"familia-real-holandesa","status":"publish","type":"post","link":"https:\/\/erasmusamsterdam.com\/es\/familia-real-holandesa\/","title":{"rendered":"La Familia real Holandesa"},"content":{"rendered":"<p>Se hacen muchas preguntas sobre los Pa\u00edses Bajos. \u00bfEs una rep\u00fablica o una monarqu\u00eda? \u00bfPor qu\u00e9 el color naranja? \u00bfQu\u00e9 es el d\u00eda de Queens? Con el d\u00eda de Queens se celebra el cumplea\u00f1os de la reina.<\/p>\n<p>El color naranja de los Pa\u00edses Bajos (familia real, f\u00fatbol, \u200b\u200bbander\u00edn, etc.) se debe a <strong>Willem de Orange<\/strong>. Cuando ten\u00eda once a\u00f1os, era el due\u00f1o del principado de Orange en Francia.<\/p>\n<p>El territorio fue objeto de medio siglo de disputas entre los Pa\u00edses Bajos, Francia y Alemania. Louis XIV, el Sol franc\u00e9s, decidi\u00f3 que el \u00e1rea en Orange Francia fuera.<\/p>\n<p>En 1713 el pa\u00eds era oficialmente Orange con Francia, en 1732 se unieron y los padres de nuestra casa el t\u00edtulo real, Pr\u00edncipe de Orange. Noble t\u00edtulo de padre a hijo, as\u00ed que generaci\u00f3n tras generaci\u00f3n, pas\u00f3 el t\u00edtulo de pr\u00edncipe de Orange.<\/p>\n<p>Ahora el pr\u00edncipe <strong>Willem-Alexander<\/strong> es el pr\u00edncipe de Orange.<\/p>\n<p>Debajo de la Reina y el pr\u00edncipe heredero con su familia. <strong>Beatrix Wilhelmina Armgard<\/strong> de Orange-Nassau (Baarn, 31 de enero de 1938), Princesa de Orange-Nassau, Princesa de Lippe-Biesterfeld, desde 1980 reinando la Reina de los Pa\u00edses Bajos.<\/p>\n<p>En 1966 se cas\u00f3 con <strong>Claus von Amsberg<\/strong>.<\/p>\n<p>Tuvieron un buen matrimonio con mucho amor hasta que muri\u00f3 en 2002.<\/p>\n<p>Fue amado por la gente. Era un buen padre y su familia todav\u00eda lo extra\u00f1a.<\/p>\n<p>Tuvieron tres hijos (Willem Alexander, Johan Friso y Constantijn). Nos alegramos de que naciera un ni\u00f1o que ser\u00eda rey. Despu\u00e9s de 100 a\u00f1os, las reinas finalmente son un rey.<\/p>\n<p>Willem-Alexander Claus George Ferdinand (Utrecht, 27 de abril de 1967) Pr\u00edncipe de Orange, Pr\u00edncipe de los Pa\u00edses Bajos, Pr\u00edncipe de Orange-Nassau, Jonkheer Amsberg, el hijo mayor y heredero de la reina holandesa Beatrix. Es oficialmente conocido como Su Alteza Real el Pr\u00edncipe de Orange.<\/p>\n<p>El 30 de marzo de 2001, el pr\u00edncipe heredero es el prometido de la argentina <strong>M\u00e1xima Zorreguieta<\/strong>.<\/p>\n<p>M\u00e1xima Zorreguieta (Buenos Aires (Argentina), 17 de mayo de 1971), desde su matrimonio, la princesa M\u00e1xima de los Pa\u00edses Bajos, esposa del pr\u00edncipe Willem-Alexander de Orange. Oficialmente, su designaci\u00f3n completa Su Alteza Real la Princesa M\u00e1xima de los Pa\u00edses Bajos, la Princesa de Orange-Nassau, la Sra. Van Amsberg, pero en el lenguaje cotidiano, ella simplemente la Princesa M\u00e1xima<\/p>\n<p>Era sensible para nosotros que \u00e9l quisiera casarse con M\u00e1xima. Debido al controvertido pasado de su padre, Jorge Zorreguieta, quien estuvo sentado en el gobierno de Argentina durante la dictadura militar (1976 &#8211; 1983) bajo el mando del general Jorge Videla. Lo que oblig\u00f3 a miles de personas a desaparecer.<\/p>\n<p>Bajo una intensa presi\u00f3n, el padre Zorreguieta decidi\u00f3 no asistir al matrimonio. Cuando el primer ministro Kok tambi\u00e9n prometi\u00f3 que la presencia de Zorreguieta en el futuro no ser\u00eda obvio, la ley de licencias aprobada por el parlamento.<\/p>\n<p>Durante su ceremonia de matrimonio en 2002, M\u00e1xima quer\u00eda escuchar un tango (adi\u00f3s pap\u00e1) de Argentina. Cada vez que escucho la m\u00fasica me emociono, debido a sus l\u00e1grimas por su padre. Esta pareja tiene tres hijas.<\/p>\n<p>Catharina-Amalia, Alexia y Ariane. Catharina-Amalia Beatrix Carmen Victoria (Den Haag, 7 de diciembre de 2003), Princesa de los Pa\u00edses Bajos, Princesa de Orange-Nassau, la hija mayor del Pr\u00edncipe Willem-Alexander y la Princesa M\u00e1xima<\/p>\n<p>Alexia Juliana Marcela Laurentien (Den Haag, 26 de junio de 2005), princesa de los Pa\u00edses Bajos, princesa de Orange-Nassau, es la segunda hija del pr\u00edncipe Willem-Alexander y la princesa M\u00e1xima.<\/p>\n<p>La princesa Alexia despu\u00e9s de su hermana, la princesa Catharina-Amalia, tercera en la l\u00ednea de sucesi\u00f3n holandesa al trono.<\/p>\n<p>Ariane Wilhelmina M\u00e1xima In\u00e9s (Den Haag, 10 de abril de 2007), princesa de los Pa\u00edses Bajos, princesa de Orange-Nassau, es la tercera hija del pr\u00edncipe Willem-Alexander y la princesa M\u00e1xima.<\/p>\n<p>La princesa Ariane es cuarta en la l\u00ednea de sucesi\u00f3n al trono.<\/p>\n<p>Se predice que la reina se detendr\u00e1 y luego Alexander ser\u00eda el Rey.<\/p>\n","protected":false},"excerpt":{"rendered":"<p>Se hacen muchas preguntas sobre los Pa\u00edses Bajos. \u00bfEs una rep\u00fablica o una monarqu\u00eda? \u00bfPor qu\u00e9 el color naranja? \u00bfQu\u00e9 es el d\u00eda de Queens? Con el d\u00eda de Queens se celebra el cumplea\u00f1os de la reina. El color naranja de los Pa\u00edses Bajos (familia real, f\u00fatbol, \u200b\u200bbander\u00edn, etc.) se debe a Willem de Orange. [&hellip;]<\/p>\n","protected":false},"author":2,"featured_media":612,"comment_status":"closed","ping_status":"closed","sticky":false,"template":"","format":"standard","meta":{"footnotes":""},"categories":[20],"tags":[],"class_list":{"0":"post-852","1":"post","2":"type-post","3":"status-publish","4":"format-standard","5":"has-post-thumbnail","7":"category-amsterdam-netherlands-es"},"yoast_head":"<!-- This site is optimized with the Yoast SEO plugin v27.6 - https:\/\/yoast.com\/product\/yoast-seo-wordpress\/ -->\n<title>La Familia real Holandesa - Erasmus Amsterdam<\/title>\n<meta name=\"robots\" content=\"index, follow, max-snippet:-1, max-image-preview:large, max-video-preview:-1\" \/>\n<link rel=\"canonical\" href=\"https:\/\/erasmusamsterdam.com\/es\/familia-real-holandesa\/\" \/>\n<meta property=\"og:locale\" content=\"es_ES\" \/>\n<meta property=\"og:type\" content=\"article\" \/>\n<meta property=\"og:title\" content=\"La Familia real Holandesa - Erasmus Amsterdam\" \/>\n<meta property=\"og:description\" content=\"Se hacen muchas preguntas sobre los Pa\u00edses Bajos. \u00bfEs una rep\u00fablica o una monarqu\u00eda? \u00bfPor qu\u00e9 el color naranja? \u00bfQu\u00e9 es el d\u00eda de Queens? Con el d\u00eda de Queens se celebra el cumplea\u00f1os de la reina. El color naranja de los Pa\u00edses Bajos (familia real, f\u00fatbol, \u200b\u200bbander\u00edn, etc.) se debe a Willem de Orange. [&hellip;]\" \/>\n<meta property=\"og:url\" content=\"https:\/\/erasmusamsterdam.com\/es\/familia-real-holandesa\/\" \/>\n<meta property=\"og:site_name\" content=\"Erasmus Amsterdam\" \/>\n<meta property=\"article:published_time\" content=\"2018-12-03T20:22:33+00:00\" \/>\n<meta property=\"article:modified_time\" content=\"2023-06-20T16:46:41+00:00\" \/>\n<meta property=\"og:image\" content=\"https:\/\/erasmusamsterdam.com\/wp-content\/uploads\/2018\/12\/famila-real-g.jpg\" \/>\n\t<meta property=\"og:image:width\" content=\"580\" \/>\n\t<meta property=\"og:image:height\" content=\"350\" \/>\n\t<meta property=\"og:image:type\" content=\"image\/jpeg\" \/>\n<meta name=\"author\" content=\"Redacci\u00f3n\" \/>\n<meta name=\"twitter:label1\" content=\"Escrito por\" \/>\n\t<meta name=\"twitter:data1\" content=\"Redacci\u00f3n\" \/>\n\t<meta name=\"twitter:label2\" content=\"Tiempo de lectura\" \/>\n\t<meta name=\"twitter:data2\" content=\"3 minutos\" \/>\n<script type=\"application\/ld+json\" class=\"yoast-schema-graph\">{\"@context\":\"https:\\\/\\\/schema.org\",\"@graph\":[{\"@type\":\"Article\",\"@id\":\"https:\\\/\\\/erasmusamsterdam.com\\\/es\\\/familia-real-holandesa\\\/#article\",\"isPartOf\":{\"@id\":\"https:\\\/\\\/erasmusamsterdam.com\\\/es\\\/familia-real-holandesa\\\/\"},\"author\":{\"name\":\"Redacci\u00f3n\",\"@id\":\"https:\\\/\\\/erasmusamsterdam.com\\\/#\\\/schema\\\/person\\\/e96acf0391a736ea6a3e73448d23b9fa\"},\"headline\":\"La Familia real Holandesa\",\"datePublished\":\"2018-12-03T20:22:33+00:00\",\"dateModified\":\"2023-06-20T16:46:41+00:00\",\"mainEntityOfPage\":{\"@id\":\"https:\\\/\\\/erasmusamsterdam.com\\\/es\\\/familia-real-holandesa\\\/\"},\"wordCount\":684,\"image\":{\"@id\":\"https:\\\/\\\/erasmusamsterdam.com\\\/es\\\/familia-real-holandesa\\\/#primaryimage\"},\"thumbnailUrl\":\"https:\\\/\\\/erasmusamsterdam.com\\\/wp-content\\\/uploads\\\/2018\\\/12\\\/famila-real-g.jpg\",\"articleSection\":[\"Amsterdam &amp; Netherlands\"],\"inLanguage\":\"es\"},{\"@type\":\"WebPage\",\"@id\":\"https:\\\/\\\/erasmusamsterdam.com\\\/es\\\/familia-real-holandesa\\\/\",\"url\":\"https:\\\/\\\/erasmusamsterdam.com\\\/es\\\/familia-real-holandesa\\\/\",\"name\":\"La Familia real Holandesa - Erasmus Amsterdam\",\"isPartOf\":{\"@id\":\"https:\\\/\\\/erasmusamsterdam.com\\\/#website\"},\"primaryImageOfPage\":{\"@id\":\"https:\\\/\\\/erasmusamsterdam.com\\\/es\\\/familia-real-holandesa\\\/#primaryimage\"},\"image\":{\"@id\":\"https:\\\/\\\/erasmusamsterdam.com\\\/es\\\/familia-real-holandesa\\\/#primaryimage\"},\"thumbnailUrl\":\"https:\\\/\\\/erasmusamsterdam.com\\\/wp-content\\\/uploads\\\/2018\\\/12\\\/famila-real-g.jpg\",\"datePublished\":\"2018-12-03T20:22:33+00:00\",\"dateModified\":\"2023-06-20T16:46:41+00:00\",\"author\":{\"@id\":\"https:\\\/\\\/erasmusamsterdam.com\\\/#\\\/schema\\\/person\\\/e96acf0391a736ea6a3e73448d23b9fa\"},\"inLanguage\":\"es\",\"potentialAction\":[{\"@type\":\"ReadAction\",\"target\":[\"https:\\\/\\\/erasmusamsterdam.com\\\/es\\\/familia-real-holandesa\\\/\"]}]},{\"@type\":\"ImageObject\",\"inLanguage\":\"es\",\"@id\":\"https:\\\/\\\/erasmusamsterdam.com\\\/es\\\/familia-real-holandesa\\\/#primaryimage\",\"url\":\"https:\\\/\\\/erasmusamsterdam.com\\\/wp-content\\\/uploads\\\/2018\\\/12\\\/famila-real-g.jpg\",\"contentUrl\":\"https:\\\/\\\/erasmusamsterdam.com\\\/wp-content\\\/uploads\\\/2018\\\/12\\\/famila-real-g.jpg\",\"width\":580,\"height\":350},{\"@type\":\"WebSite\",\"@id\":\"https:\\\/\\\/erasmusamsterdam.com\\\/#website\",\"url\":\"https:\\\/\\\/erasmusamsterdam.com\\\/\",\"name\":\"Erasmus Amsterdam\",\"description\":\"Blog especializado en viajar a \u00c1msterdam\",\"potentialAction\":[{\"@type\":\"SearchAction\",\"target\":{\"@type\":\"EntryPoint\",\"urlTemplate\":\"https:\\\/\\\/erasmusamsterdam.com\\\/?s={search_term_string}\"},\"query-input\":{\"@type\":\"PropertyValueSpecification\",\"valueRequired\":true,\"valueName\":\"search_term_string\"}}],\"inLanguage\":\"es\"},{\"@type\":\"Person\",\"@id\":\"https:\\\/\\\/erasmusamsterdam.com\\\/#\\\/schema\\\/person\\\/e96acf0391a736ea6a3e73448d23b9fa\",\"name\":\"Redacci\u00f3n\",\"image\":{\"@type\":\"ImageObject\",\"inLanguage\":\"es\",\"@id\":\"https:\\\/\\\/secure.gravatar.com\\\/avatar\\\/b259dc14a53a911d37b386581e7a24a3f29a3d212123cd5bc18153dd924f25d2?s=96&d=mm&r=g\",\"url\":\"https:\\\/\\\/secure.gravatar.com\\\/avatar\\\/b259dc14a53a911d37b386581e7a24a3f29a3d212123cd5bc18153dd924f25d2?s=96&d=mm&r=g\",\"contentUrl\":\"https:\\\/\\\/secure.gravatar.com\\\/avatar\\\/b259dc14a53a911d37b386581e7a24a3f29a3d212123cd5bc18153dd924f25d2?s=96&d=mm&r=g\",\"caption\":\"Redacci\u00f3n\"}}]}<\/script>\n<!-- \/ Yoast SEO plugin. -->","yoast_head_json":{"title":"La Familia real Holandesa - Erasmus Amsterdam","robots":{"index":"index","follow":"follow","max-snippet":"max-snippet:-1","max-image-preview":"max-image-preview:large","max-video-preview":"max-video-preview:-1"},"canonical":"https:\/\/erasmusamsterdam.com\/es\/familia-real-holandesa\/","og_locale":"es_ES","og_type":"article","og_title":"La Familia real Holandesa - Erasmus Amsterdam","og_description":"Se hacen muchas preguntas sobre los Pa\u00edses Bajos. \u00bfEs una rep\u00fablica o una monarqu\u00eda? \u00bfPor qu\u00e9 el color naranja? \u00bfQu\u00e9 es el d\u00eda de Queens? Con el d\u00eda de Queens se celebra el cumplea\u00f1os de la reina. El color naranja de los Pa\u00edses Bajos (familia real, f\u00fatbol, \u200b\u200bbander\u00edn, etc.) se debe a Willem de Orange. [&hellip;]","og_url":"https:\/\/erasmusamsterdam.com\/es\/familia-real-holandesa\/","og_site_name":"Erasmus Amsterdam","article_published_time":"2018-12-03T20:22:33+00:00","article_modified_time":"2023-06-20T16:46:41+00:00","og_image":[{"width":580,"height":350,"url":"https:\/\/erasmusamsterdam.com\/wp-content\/uploads\/2018\/12\/famila-real-g.jpg","type":"image\/jpeg"}],"author":"Redacci\u00f3n","twitter_misc":{"Escrito por":"Redacci\u00f3n","Tiempo de lectura":"3 minutos"},"schema":{"@context":"https:\/\/schema.org","@graph":[{"@type":"Article","@id":"https:\/\/erasmusamsterdam.com\/es\/familia-real-holandesa\/#article","isPartOf":{"@id":"https:\/\/erasmusamsterdam.com\/es\/familia-real-holandesa\/"},"author":{"name":"Redacci\u00f3n","@id":"https:\/\/erasmusamsterdam.com\/#\/schema\/person\/e96acf0391a736ea6a3e73448d23b9fa"},"headline":"La Familia real Holandesa","datePublished":"2018-12-03T20:22:33+00:00","dateModified":"2023-06-20T16:46:41+00:00","mainEntityOfPage":{"@id":"https:\/\/erasmusamsterdam.com\/es\/familia-real-holandesa\/"},"wordCount":684,"image":{"@id":"https:\/\/erasmusamsterdam.com\/es\/familia-real-holandesa\/#primaryimage"},"thumbnailUrl":"https:\/\/erasmusamsterdam.com\/wp-content\/uploads\/2018\/12\/famila-real-g.jpg","articleSection":["Amsterdam &amp; Netherlands"],"inLanguage":"es"},{"@type":"WebPage","@id":"https:\/\/erasmusamsterdam.com\/es\/familia-real-holandesa\/","url":"https:\/\/erasmusamsterdam.com\/es\/familia-real-holandesa\/","name":"La Familia real Holandesa - Erasmus Amsterdam","isPartOf":{"@id":"https:\/\/erasmusamsterdam.com\/#website"},"primaryImageOfPage":{"@id":"https:\/\/erasmusamsterdam.com\/es\/familia-real-holandesa\/#primaryimage"},"image":{"@id":"https:\/\/erasmusamsterdam.com\/es\/familia-real-holandesa\/#primaryimage"},"thumbnailUrl":"https:\/\/erasmusamsterdam.com\/wp-content\/uploads\/2018\/12\/famila-real-g.jpg","datePublished":"2018-12-03T20:22:33+00:00","dateModified":"2023-06-20T16:46:41+00:00","author":{"@id":"https:\/\/erasmusamsterdam.com\/#\/schema\/person\/e96acf0391a736ea6a3e73448d23b9fa"},"inLanguage":"es","potentialAction":[{"@type":"ReadAction","target":["https:\/\/erasmusamsterdam.com\/es\/familia-real-holandesa\/"]}]},{"@type":"ImageObject","inLanguage":"es","@id":"https:\/\/erasmusamsterdam.com\/es\/familia-real-holandesa\/#primaryimage","url":"https:\/\/erasmusamsterdam.com\/wp-content\/uploads\/2018\/12\/famila-real-g.jpg","contentUrl":"https:\/\/erasmusamsterdam.com\/wp-content\/uploads\/2018\/12\/famila-real-g.jpg","width":580,"height":350},{"@type":"WebSite","@id":"https:\/\/erasmusamsterdam.com\/#website","url":"https:\/\/erasmusamsterdam.com\/","name":"Erasmus Amsterdam","description":"Blog especializado en viajar a \u00c1msterdam","potentialAction":[{"@type":"SearchAction","target":{"@type":"EntryPoint","urlTemplate":"https:\/\/erasmusamsterdam.com\/?s={search_term_string}"},"query-input":{"@type":"PropertyValueSpecification","valueRequired":true,"valueName":"search_term_string"}}],"inLanguage":"es"},{"@type":"Person","@id":"https:\/\/erasmusamsterdam.com\/#\/schema\/person\/e96acf0391a736ea6a3e73448d23b9fa","name":"Redacci\u00f3n","image":{"@type":"ImageObject","inLanguage":"es","@id":"https:\/\/secure.gravatar.com\/avatar\/b259dc14a53a911d37b386581e7a24a3f29a3d212123cd5bc18153dd924f25d2?s=96&d=mm&r=g","url":"https:\/\/secure.gravatar.com\/avatar\/b259dc14a53a911d37b386581e7a24a3f29a3d212123cd5bc18153dd924f25d2?s=96&d=mm&r=g","contentUrl":"https:\/\/secure.gravatar.com\/avatar\/b259dc14a53a911d37b386581e7a24a3f29a3d212123cd5bc18153dd924f25d2?s=96&d=mm&r=g","caption":"Redacci\u00f3n"}}]}},"_links":{"self":[{"href":"https:\/\/erasmusamsterdam.com\/es\/wp-json\/wp\/v2\/posts\/852","targetHints":{"allow":["GET"]}}],"collection":[{"href":"https:\/\/erasmusamsterdam.com\/es\/wp-json\/wp\/v2\/posts"}],"about":[{"href":"https:\/\/erasmusamsterdam.com\/es\/wp-json\/wp\/v2\/types\/post"}],"author":[{"embeddable":true,"href":"https:\/\/erasmusamsterdam.com\/es\/wp-json\/wp\/v2\/users\/2"}],"replies":[{"embeddable":true,"href":"https:\/\/erasmusamsterdam.com\/es\/wp-json\/wp\/v2\/comments?post=852"}],"version-history":[{"count":1,"href":"https:\/\/erasmusamsterdam.com\/es\/wp-json\/wp\/v2\/posts\/852\/revisions"}],"predecessor-version":[{"id":1548,"href":"https:\/\/erasmusamsterdam.com\/es\/wp-json\/wp\/v2\/posts\/852\/revisions\/1548"}],"wp:featuredmedia":[{"embeddable":true,"href":"https:\/\/erasmusamsterdam.com\/es\/wp-json\/wp\/v2\/media\/612"}],"wp:attachment":[{"href":"https:\/\/erasmusamsterdam.com\/es\/wp-json\/wp\/v2\/media?parent=852"}],"wp:term":[{"taxonomy":"category","embeddable":true,"href":"https:\/\/erasmusamsterdam.com\/es\/wp-json\/wp\/v2\/categories?post=852"},{"taxonomy":"post_tag","embeddable":true,"href":"https:\/\/erasmusamsterdam.com\/es\/wp-json\/wp\/v2\/tags?post=852"}],"curies":[{"name":"wp","href":"https:\/\/api.w.org\/{rel}","templated":true}]}}